{"id":663,"date":"2019-12-01T22:30:33","date_gmt":"2019-12-01T22:30:33","guid":{"rendered":"http:\/\/adhc.lib.ua.edu\/spanish\/?p=663"},"modified":"2019-12-12T02:56:37","modified_gmt":"2019-12-12T02:56:37","slug":"de-lo-que-contescio-al-arcipreste-con-la-sserrana-estrofas-993-996-cantica-de-serrana-estrofas-997-1005","status":"publish","type":"post","link":"https:\/\/adhc.lib.ua.edu\/spanish\/?p=663","title":{"rendered":"DE LO QUE CONTES\u00c7I\u00d3 AL AR\u00c7IPRESTE CON LA SSERRANA E DE LAS FIGURAS DELLA\u2028 Estrofas 1006-1014               Juan Ruiz, Acripreste de Hita, 1320"},"content":{"rendered":"\n<link href=\"https:\/\/cdn.knightlab.com\/libs\/soundcite\/latest\/css\/player.css\" rel=\"stylesheet\" type=\"text\/css\"><script type=\"text\/javascript\" src=\"https:\/\/cdn.knightlab.com\/libs\/soundcite\/latest\/js\/soundcite.min.js\"><\/script>\n\n\n\n<!--[if lt IE 9]><script>document.createElement('audio');<\/script><![endif]-->\n<audio class=\"wp-audio-shortcode\" id=\"audio-663-1\" preload=\"none\" style=\"width: 100%;\" controls=\"controls\"><source type=\"audio\/mpeg\" src=\"http:\/\/adhc.lib.ua.edu\/spanish\/wp-content\/uploads\/2019\/12\/485-El-Trabajo-Final-RR-12_9_19-3.04-PM.m4a?_=1\" \/><a href=\"http:\/\/adhc.lib.ua.edu\/spanish\/wp-content\/uploads\/2019\/12\/485-El-Trabajo-Final-RR-12_9_19-3.04-PM.m4a\">http:\/\/adhc.lib.ua.edu\/spanish\/wp-content\/uploads\/2019\/12\/485-El-Trabajo-Final-RR-12_9_19-3.04-PM.m4a<\/a><\/audio>\n\n\n\n<p style=\"text-align:center\"><strong>Introducci\u00f3n: <\/strong><\/p>\n\n\n\n<p><em>De lo que contes\u00e7i\u00f3 al ar\u00e7ipreste con la sserrana e d las figuras della <\/em>es una selecci\u00f3n del <em>Libro de buen amor<\/em>. El libro es una compilaci\u00f3n de obras del a\u00f1o 1320 . La selecci\u00f3n de las estrofas 1006 a 1014 cuentan a un cuento sobre la vida monta\u00f1era. El autor usa la forma de la primera persona para contar al cuento. En el cuento habla del tiempo y la mayor importancia del medio ambiente, adem\u00e1s de su papel en la vida. En esas estrofas se ve algunas de las pruebas que un monta\u00f1ero enfrenta. Esas pruebas que la vida presenta son mostrado por la relaci\u00f3n del ambiente libre y el tiempo con la vida monta\u00f1era. A trav\u00e9s a su cuento, se ve la importancia de Dios y se dirige la atenci\u00f3n al sistema de fe. Todas las circunstancias se permite para entender la vida antigua.<\/p>\n\n\n\n<p><\/p>\n\n\n\n<p><p style=\"display:inline; line-height:200%;\"><span class=\"soundcite\" data-url=\"http:\/\/adhc.lib.ua.edu\/spanish\/wp-content\/uploads\/2019\/12\/485-El-Trabajo-Final-RR-12_9_19-3.04-PM.m4a\" data-start=\"0\" data-end=\"8000\" data-plays=\"1\">1<\/span> Syenpre ha mala manera la sierra e la altura:<br> sy nieva o si yela, nunca da calentura.<span class=\"soundcite\" data-url=\"http:\/\/adhc.lib.ua.edu\/spanish\/wp-content\/uploads\/2019\/12\/485-El-Trabajo-Final-RR-12_9_19-3.04-PM.m4a\" data-start=\"8000\" data-end=\"17000\" data-plays=\"1\">2<\/span>en\u00e7ima dese puerto fas\u00eda oruela dura,<br> viento con grand elada, rr\u00fa\u00e7io con grand friura.<br> <br> <span class=\"soundcite\" data-url=\"http:\/\/adhc.lib.ua.edu\/spanish\/wp-content\/uploads\/2019\/12\/485-El-Trabajo-Final-RR-12_9_19-3.04-PM.m4a\" data-start=\"17000\" data-end=\"23000\" data-plays=\"1\">3<\/span> Como ome non siente tanto fr\u00edo, si corre,<br> corr\u00ed la cuest&#8217; ayuso, ca diz&#8217;: <span class=\"soundcite\" data-url=\"http:\/\/adhc.lib.ua.edu\/spanish\/wp-content\/uploads\/2019\/12\/485-El-Trabajo-Final-RR-12_9_19-3.04-PM.m4a\" data-start=\"29000\" data-end=\"35000\" data-plays=\"1\">4<\/span>\u00abQuien da a la torre,<br> antes dize la piedra, que sale el alhorre\u00bb.<br> <span class=\"soundcite\" data-url=\"http:\/\/adhc.lib.ua.edu\/spanish\/wp-content\/uploads\/2019\/12\/485-El-Trabajo-Final-RR-12_9_19-3.04-PM.m4a\" data-start=\"35000\" data-end=\"40000\" data-plays=\"1\">5<\/span>Yo dixe: \u00abso perdido, sy Dios non me acorre\u00bb.\u2014<br> <br> <span class=\"soundcite\" data-url=\"http:\/\/adhc.lib.ua.edu\/spanish\/wp-content\/uploads\/2019\/12\/485-El-Trabajo-Final-RR-12_9_19-3.04-PM.m4a\" data-start=\"40000\" data-end=\"57000\" data-plays=\"1\">6<\/span>Nunca desque nas\u00e7\u00ed pas\u00e9 tan grand&#8217; periglo:<br> descendy al pie del puerto, falleme con un vestiglo:<br> la m\u00e1s grant fantasya, que yo vy en este siglo:<br> yeguerisa trefuda, talla de mal \u00e7e\u00f1iglo.<br> <br> <span class=\"soundcite\" data-url=\"http:\/\/adhc.lib.ua.edu\/spanish\/wp-content\/uploads\/2019\/12\/485-El-Trabajo-Final-RR-12_9_19-3.04-PM.m4a\" data-start=\"57000\" data-end=\"66000\" data-plays=\"1\">7<\/span> Con la cuyta del fr\u00edo de aquesa grand&#8217; elada,<br> rrogela que ese d\u00eda me quisiese dar posada.<br> <span class=\"soundcite\" data-url=\"http:\/\/adhc.lib.ua.edu\/spanish\/wp-content\/uploads\/2019\/12\/485-El-Trabajo-Final-RR-12_9_19-3.04-PM.m4a\" data-start=\"66000\" data-end=\"77000\" data-plays=\"1\">8<\/span> d\u00edxome que lo far\u00eda, si le fuese bien pagada:<br> t\u00f3vel&#8217; a Dios en mer\u00e7ed, levome a la Tablada.<br> <br> <span class=\"soundcite\" data-url=\"http:\/\/adhc.lib.ua.edu\/spanish\/wp-content\/uploads\/2019\/12\/485-El-Trabajo-Final-RR-12_9_19-3.04-PM.m4a\" data-start=\"77000\" data-end=\"87000\" data-plays=\"1\">9<\/span> Ssus miembros e su talla non son para callar,<br> ca byen creed que era grand yegua cavallar:<br> <span class=\"soundcite\" data-url=\"http:\/\/adhc.lib.ua.edu\/spanish\/wp-content\/uploads\/2019\/12\/485-El-Trabajo-Final-RR-12_9_19-3.04-PM.m4a\" data-start=\"86000\" data-end=\"97000\" data-plays=\"1\">10<\/span>quien con ella luchase, no s&#8217; podr\u00eda bien fallar;<br> sy ella non quessiese, non la podri&#8217; aballar.<br> <br> <span class=\"soundcite\" data-url=\"http:\/\/adhc.lib.ua.edu\/spanish\/wp-content\/uploads\/2019\/12\/485-El-Trabajo-Final-RR-12_9_19-3.04-PM.m4a\" data-start=\"97000\" data-end=\"106000\" data-plays=\"1\">11<\/span>En el Apocalisi Sant Juan Evangelista<br> non vido tal figura nin espantable vista;<br> <span class=\"soundcite\" data-url=\"http:\/\/adhc.lib.ua.edu\/spanish\/wp-content\/uploads\/2019\/12\/485-El-Trabajo-Final-RR-12_9_19-3.04-PM.m4a\" data-start=\"105000\" data-end=\"115000\" data-plays=\"1\">12<\/span>en grand hato dar\u00ede gran lucha e grand conquista;<br> non s\u00e9 de qu\u00e1l diablo es tal fantasma quista.<br> <br> <span class=\"soundcite\" data-url=\"http:\/\/adhc.lib.ua.edu\/spanish\/wp-content\/uploads\/2019\/12\/485-El-Trabajo-Final-RR-12_9_19-3.04-PM.m4a\" data-start=\"115000\" data-end=\"128000\" data-plays=\"1\">13<\/span>Av\u00eda la cabe\u00e7a mucho grande syn guisa;<br> cabellos chicos, negros, como corneja lysa;<br> ojos fondos e bermejos: poco e mal devisa;<br> <span class=\"soundcite\" data-url=\"http:\/\/adhc.lib.ua.edu\/spanish\/wp-content\/uploads\/2019\/12\/485-El-Trabajo-Final-RR-12_9_19-3.04-PM.m4a\" data-start=\"128000\" data-end=\"131000\" data-plays=\"1\">14<\/span>mayor es que de osa su pisada do pisa.<br> <br> <span class=\"soundcite\" data-url=\"http:\/\/adhc.lib.ua.edu\/spanish\/wp-content\/uploads\/2019\/12\/485-El-Trabajo-Final-RR-12_9_19-3.04-PM.m4a\" data-start=\"132000\" data-end=\"135000\" data-plays=\"1\">15<\/span>Las orejas tama\u00f1as como d&#8217; a\u00f1al borrico;<br> <span class=\"soundcite\" data-url=\"http:\/\/adhc.lib.ua.edu\/spanish\/wp-content\/uploads\/2019\/12\/485-El-Trabajo-Final-RR-12_9_19-3.04-PM.m4a\" data-start=\"136000\" data-end=\"140000\" data-plays=\"1\">16<\/span>el su pescue\u00e7o negro, ancho, velloso, chico;<br> <span class=\"soundcite\" data-url=\"http:\/\/adhc.lib.ua.edu\/spanish\/wp-content\/uploads\/2019\/12\/485-El-Trabajo-Final-RR-12_9_19-3.04-PM.m4a\" data-start=\"140000\" data-end=\"150000\" data-plays=\"1\">17<\/span> las narices muy luengas, semejan de \u00e7arapico;<br> bever\u00eda&#8217;n pocos d\u00edas caudal de buh\u00f3n rico.<br> <br> <span class=\"soundcite\" data-url=\"http:\/\/adhc.lib.ua.edu\/spanish\/wp-content\/uploads\/2019\/12\/485-El-Trabajo-Final-RR-12_9_19-3.04-PM.m4a\" data-start=\"150000\" data-end=\"159000\" data-plays=\"1\">18<\/span>Su boca de alana, grandes rrostros e gordos;<br> dyentes anchos e luengos, cavallunos, maxmordos;<br> <span class=\"soundcite\" data-url=\"http:\/\/adhc.lib.ua.edu\/spanish\/wp-content\/uploads\/2019\/12\/485-El-Trabajo-Final-RR-12_9_19-3.04-PM.m4a\" data-start=\"159000\" data-end=\"165000\" data-plays=\"1\">19<\/span>las sobre\u00e7ejas anchas e m\u00e1s negras que tordos:<br> <span class=\"soundcite\" data-url=\"http:\/\/adhc.lib.ua.edu\/spanish\/wp-content\/uploads\/2019\/12\/485-El-Trabajo-Final-RR-12_9_19-3.04-PM.m4a\" data-start=\"164000\" data-end=\"169000\" data-plays=\"1\">20<\/span>\u00a1los que quieran casarse, non sean aqu\u00ed sordos!<br>\n\n\n\n<p style=\"text-align:center\"><strong>Resumen:<\/strong><\/p>\n\n\n\n<p>Castellano moderno es un producto que principalmente orgina de lat\u00edn. Por el paso de tiempo y los esfuerzos de individuos como Alfonso X, la evoluci\u00f3n de la lengua avanzaba. Con el passo del tempo algunos aspectos de castellano se volvieron m\u00e1s compuesto de su orgigen principal. El aspecto del fon\u00e9tico existen a las perdidas como la \/n\/ en la palabra \u201cnon\u201d por el ap\u00f3cope. En el uso de algunos adjectivos, el numero ni el genero que el subjeto que modifica no puede ser visto. El uso de la palabraba \u201cmucho\u201d demostra c\u00f3mo el morfosint\u00e1ctico de espa\u00f1ol antiguo oper\u00f3. En estrofa 1012, la palabra no tiene tampoco genero. El l\u00e9xico del espa\u00f1ol en el pasado posse algunas diferencias. Eses incluyen la falta de los signos de interrogaci\u00f3nes y las comillas simples, lo caul se ve en <\/p>\n\n\n\n<p>estrofa 1007.\nDe todos los cambios, el otrogr\u00e1fico es la m\u00e1s obvia diferencia que puede ser\nobservado. El uso de la letra \/y\/ es el ejemplo m\u00e1s obvio de todos. Existe en\nel lugar de los letra \/i\/, como la primera palabra \u201c[s]yenpre\u201d. <\/p>\n\n\n\n<p style=\"text-align:center\"><strong>Referencias:<\/strong><\/p>\n\n\n\n<p>M\u00e9ndez, E. (2012).&nbsp;<em>Fundamentos te\u00f3ricos y\npr\u00e1cticos de historia de la lengua espa\u00f1ola<\/em>. New Haven: Yale\nUniversity Press.<\/p>\n\n\n\n<p>Real Academia Espa\u00f1ola. (n.d.). <a href=\"http:\/\/ntlle.rae.es\/ntlle\/SrvltGUILoginNtlle\">http:\/\/ntlle.rae.es\/ntlle\/SrvltGUILoginNtlle<\/a><\/p>\n\n\n\n<p>Ruiz, J. (1320). \u201cDe lo que contes\u00e7i\u00f3 al ar\u00e7ipreste con\nla sserrana e d las figuras della\u201d. <em>Ar\u00e7ipreste\ncon la sserrana e d las figuras della <\/em>es una selecci\u00f3n\nde la obra <em>Acripreste de hita. <\/em><a href=\"https:\/\/www.poesi.as\/ahlba0053.htm\">https:\/\/www.poesi.as\/ahlba0053.htm<\/a><\/p>\n\n\n\n\n\n<figure class=\"wp-block-embed\"><div class=\"wp-block-embed__wrapper\">\nhttps:\/\/www.rae.es\/\n<\/div><\/figure>\n\n\n\n<p><br><\/p>\n","protected":false},"excerpt":{"rendered":"<div class=\"entry-summary\">\nhttp:\/\/adhc.lib.ua.edu\/spanish\/wp-content\/uploads\/2019\/12\/485-El-Trabajo-Final-RR-12_9_19-3.04-PM.m4a Introducci\u00f3n: De lo que contes\u00e7i\u00f3 al ar\u00e7ipreste con la sserrana e d las figuras della es una selecci\u00f3n del Libro de buen amor. El libro es una compilaci\u00f3n de obras del a\u00f1o 1320 . La selecci\u00f3n de las estrofas&hellip;\n<\/div>\n<div class=\"link-more\"><a href=\"https:\/\/adhc.lib.ua.edu\/spanish\/?p=663\" class=\"more-link\">Continue reading<span class=\"screen-reader-text\"> &ldquo;DE LO QUE CONTES\u00c7I\u00d3 AL AR\u00c7IPRESTE CON LA SSERRANA E DE LAS FIGURAS DELLA\u2028 Estrofas 1006-1014               Juan Ruiz, Acripreste de Hita, 1320&rdquo;<\/span>&hellip;<\/a><\/div>\n","protected":false},"author":12,"featured_media":0,"comment_status":"open","ping_status":"open","sticky":false,"template":"","format":"standard","meta":[],"categories":[1],"tags":[],"_links":{"self":[{"href":"https:\/\/adhc.lib.ua.edu\/spanish\/index.php?rest_route=\/wp\/v2\/posts\/663"}],"collection":[{"href":"https:\/\/adhc.lib.ua.edu\/spanish\/index.php?rest_route=\/wp\/v2\/posts"}],"about":[{"href":"https:\/\/adhc.lib.ua.edu\/spanish\/index.php?rest_route=\/wp\/v2\/types\/post"}],"author":[{"embeddable":true,"href":"https:\/\/adhc.lib.ua.edu\/spanish\/index.php?rest_route=\/wp\/v2\/users\/12"}],"replies":[{"embeddable":true,"href":"https:\/\/adhc.lib.ua.edu\/spanish\/index.php?rest_route=%2Fwp%2Fv2%2Fcomments&post=663"}],"version-history":[{"count":77,"href":"https:\/\/adhc.lib.ua.edu\/spanish\/index.php?rest_route=\/wp\/v2\/posts\/663\/revisions"}],"predecessor-version":[{"id":1222,"href":"https:\/\/adhc.lib.ua.edu\/spanish\/index.php?rest_route=\/wp\/v2\/posts\/663\/revisions\/1222"}],"wp:attachment":[{"href":"https:\/\/adhc.lib.ua.edu\/spanish\/index.php?rest_route=%2Fwp%2Fv2%2Fmedia&parent=663"}],"wp:term":[{"taxonomy":"category","embeddable":true,"href":"https:\/\/adhc.lib.ua.edu\/spanish\/index.php?rest_route=%2Fwp%2Fv2%2Fcategories&post=663"},{"taxonomy":"post_tag","embeddable":true,"href":"https:\/\/adhc.lib.ua.edu\/spanish\/index.php?rest_route=%2Fwp%2Fv2%2Ftags&post=663"}],"curies":[{"name":"wp","href":"https:\/\/api.w.org\/{rel}","templated":true}]}}